{"id":5819,"date":"2023-06-08T10:03:32","date_gmt":"2023-06-08T09:03:32","guid":{"rendered":"https:\/\/blog.citrus-lime.com\/tkt\/?p=5819"},"modified":"2025-07-09T13:33:24","modified_gmt":"2025-07-09T12:33:24","slug":"we-tested-fjallravens-new-bikepacking-gear","status":"publish","type":"post","link":"https:\/\/blog.citrus-lime.com\/tkt\/we-tested-fjallravens-new-bikepacking-gear\/","title":{"rendered":"We Tested Fj\u00e4llr\u00e4ven&#8217;s new Bikepacking Gear"},"content":{"rendered":"\n<h1 class=\"wp-block-heading\">Fj\u00e4llr\u00e4ven Specialized Bikepacking Gear<\/h1>\n\n\n\n<div style=\"height:37px\" aria-hidden=\"true\" class=\"wp-block-spacer\"><\/div>\n\n\n\n<p>Curious about how the Fj\u00e4llr\u00e4ven Specialized bikepacking gear performs on multi-day gravel adventures? Discover why this versatile kit impressed on a wild four-day cycling journey through the rugged Welsh landscape.<\/p>\n\n\n\n<div style=\"height:37px\" aria-hidden=\"true\" class=\"wp-block-spacer\"><\/div>\n\n\n\n<h2 class=\"wp-block-heading has-oswald-font-family\" id=\"1-is-camping-with-kids-a-nightmare\" style=\"text-transform:uppercase\">In SHORT&#8230;<\/h2>\n\n\n<ul style=\"padding-left: 1.1em; text-align: left; --ub-list-item-icon-top: 3px;; --ub-list-item-icon-size: 0.9em; --ub-list-item-background-image: url('data:image\/svg+xml;utf8,&lt;svg xmlns=&quot;http:\/\/www.w3.org\/2000\/svg&quot; viewBox=&quot;0 0 256 512&quot;&gt;&lt;path fill=&quot;%23000000&quot; d=&quot;M160 64c0-11.8-6.5-22.6-16.9-28.2s-23-5-32.9 1.6l-96 64C-.5 111.2-4.4 131 5.4 145.8s29.7 18.7 44.4 8.9L96 123.8V416H32c-17.7 0-32 14.3-32 32s14.3 32 32 32h96 96c17.7 0 32-14.3 32-32s-14.3-32-32-32H160V64z&quot;&gt;&lt;\/path&gt;&lt;\/svg&gt;'); --ub-list-item-fa-li-top: 3px; --ub-list-item-spacing: 0px; \" class=\"wp-block-ub-styled-list ub_styled_list\" id=\"ub_styled_list-a1fd617d-a6fb-4f75-8da3-ede238a6d3b4\"><div class=\"ub-block-list__layout\" style=\"text-align: left; column-count: 1; --ub-list-mobile-column-count: 1; \">\n<li class=\"ub_styled_list_item\" style=\"--ub-list-item-icon-top: 3px; --ub-list-item-icon-size: 0.9em; --ub-list-item-background-image: url('data:image\/svg+xml;utf8,&lt;svg xmlns=&quot;http:\/\/www.w3.org\/2000\/svg&quot; viewBox=&quot;0 0 512 512&quot;&gt;&lt;path fill=&quot;%23000000&quot; d=&quot;M0 256a256 256 0 1 0 512 0A256 256 0 1 0 0 256zM241 377c-9.4 9.4-24.6 9.4-33.9 0s-9.4-24.6 0-33.9l87-87-87-87c-9.4-9.4-9.4-24.6 0-33.9s24.6-9.4 33.9 0L345 239c9.4 9.4 9.4 24.6 0 33.9L241 377z&quot;&gt;&lt;\/path&gt;&lt;\/svg&gt;'); \" id=\"ub-styled-list-item-54ba3fd7-6e40-48a9-a53e-eedc62ec0029\">\n\t\t\t<div class=\"ub_list_item_content\">\n\t\t\t\t<span class=\"ub_list_item_icon\">\n\t\t\t\t\t<svg width=\"0.9em\" height=\"0.9em\" xmlns=\"http:\/\/www.w3.org\/2000\/svg\" viewbox=\"0 0 512 512\"><path fill=\"#000000\" d=\"M0 256a256 256 0 1 0 512 0A256 256 0 1 0 0 256zM241 377c-9.4 9.4-24.6 9.4-33.9 0s-9.4-24.6 0-33.9l87-87-87-87c-9.4-9.4-9.4-24.6 0-33.9s24.6-9.4 33.9 0L345 239c9.4 9.4 9.4 24.6 0 33.9L241 377z\"><\/path><\/svg>\n\t\t\t\t<\/span>\n\t\t\t\t<span class=\"ub_list_item_text\"><strong>What makes Fj\u00e4llr\u00e4ven Specialized bikepacking gear ideal for multi-day trips?<\/strong> See how well-designed bike bags, versatile clothing, and clever packing systems kept everything secure and organised through changing weather and tough climbs.<\/span>\n\t\t\t<\/div>\n\t\t\t\n\t\t<\/li>\n\n<li class=\"ub_styled_list_item\" style=\"--ub-list-item-icon-top: 3px; --ub-list-item-icon-size: 0.9em; --ub-list-item-background-image: url('data:image\/svg+xml;utf8,&lt;svg xmlns=&quot;http:\/\/www.w3.org\/2000\/svg&quot; viewBox=&quot;0 0 512 512&quot;&gt;&lt;path fill=&quot;%23000000&quot; d=&quot;M0 256a256 256 0 1 0 512 0A256 256 0 1 0 0 256zM241 377c-9.4 9.4-24.6 9.4-33.9 0s-9.4-24.6 0-33.9l87-87-87-87c-9.4-9.4-9.4-24.6 0-33.9s24.6-9.4 33.9 0L345 239c9.4 9.4 9.4 24.6 0 33.9L241 377z&quot;&gt;&lt;\/path&gt;&lt;\/svg&gt;'); \" id=\"ub-styled-list-item-5c8ce770-e628-4a7b-aebb-c3b7e1beec6a\">\n\t\t\t<div class=\"ub_list_item_content\">\n\t\t\t\t<span class=\"ub_list_item_icon\">\n\t\t\t\t\t<svg width=\"0.9em\" height=\"0.9em\" xmlns=\"http:\/\/www.w3.org\/2000\/svg\" viewbox=\"0 0 512 512\"><path fill=\"#000000\" d=\"M0 256a256 256 0 1 0 512 0A256 256 0 1 0 0 256zM241 377c-9.4 9.4-24.6 9.4-33.9 0s-9.4-24.6 0-33.9l87-87-87-87c-9.4-9.4-9.4-24.6 0-33.9s24.6-9.4 33.9 0L345 239c9.4 9.4 9.4 24.6 0 33.9L241 377z\"><\/path><\/svg>\n\t\t\t\t<\/span>\n\t\t\t\t<span class=\"ub_list_item_text\"><strong>How does this gear handle unpredictable mountain conditions?<\/strong> Learn how it provided protection, comfort, and adaptability across varied terrain, from steep hike-a-bike sections to windswept descents.<\/span>\n\t\t\t<\/div>\n\t\t\t\n\t\t<\/li>\n\n<li class=\"ub_styled_list_item\" style=\"--ub-list-item-icon-top: 3px; --ub-list-item-icon-size: 0.9em; --ub-list-item-background-image: url('data:image\/svg+xml;utf8,&lt;svg xmlns=&quot;http:\/\/www.w3.org\/2000\/svg&quot; viewBox=&quot;0 0 512 512&quot;&gt;&lt;path fill=&quot;%23000000&quot; d=&quot;M0 256a256 256 0 1 0 512 0A256 256 0 1 0 0 256zM241 377c-9.4 9.4-24.6 9.4-33.9 0s-9.4-24.6 0-33.9l87-87-87-87c-9.4-9.4-9.4-24.6 0-33.9s24.6-9.4 33.9 0L345 239c9.4 9.4 9.4 24.6 0 33.9L241 377z&quot;&gt;&lt;\/path&gt;&lt;\/svg&gt;'); \" id=\"ub-styled-list-item-f8ba117c-a6ea-4508-8451-f3b705a1f934\">\n\t\t\t<div class=\"ub_list_item_content\">\n\t\t\t\t<span class=\"ub_list_item_icon\">\n\t\t\t\t\t<svg width=\"0.9em\" height=\"0.9em\" xmlns=\"http:\/\/www.w3.org\/2000\/svg\" viewbox=\"0 0 512 512\"><path fill=\"#000000\" d=\"M0 256a256 256 0 1 0 512 0A256 256 0 1 0 0 256zM241 377c-9.4 9.4-24.6 9.4-33.9 0s-9.4-24.6 0-33.9l87-87-87-87c-9.4-9.4-9.4-24.6 0-33.9s24.6-9.4 33.9 0L345 239c9.4 9.4 9.4 24.6 0 33.9L241 377z\"><\/path><\/svg>\n\t\t\t\t<\/span>\n\t\t\t\t<span class=\"ub_list_item_text\"><strong>Which kit essentials made the biggest difference?<\/strong> Find out what gear stood out for comfort, packability, and on-the-go convenience during our epic Welsh bikepacking adventure.<\/span>\n\t\t\t<\/div>\n\t\t\t\n\t\t<\/li>\n<\/div><\/ul>\n\n\n<div style=\"height:37px\" aria-hidden=\"true\" class=\"wp-block-spacer\"><\/div>\n\n\n\n<p><\/p>\n\n\n\n<p>If you had told me at the start of 2022 that I&#8217;d be taking part in a&nbsp;<a href=\"https:\/\/www.trekitt.co.uk\/facetresults.aspx?Term=specialize\" target=\"_blank\" rel=\"noopener\">Specialized x Fjallraven<\/a>&nbsp;gravel trip for work, I would have spluttered out my morning coffee and genuinely not believed you, but here we are. Pinching myself!<\/p>\n\n\n\n<p>With the weekend to prep for our trip, nerves had truly set in! I&#8217;d never done a multi-day trip on bikes before; I had many thoughts going through my head&#8230; <em>have I got everything, or maybe too much?<\/em> <em>Will we be okay? Can we do this?&nbsp;<\/em><em style=\"font-size: 18px;font-weight: var(--DTFontWeight_Base);letter-spacing: 0px\">What&#8217;s the weather doing? Please don\u2019t rain all day every day!&nbsp;<\/em>Only one way to find out&#8230;<\/p>\n\n\n\n<p><b>KIT ARRANGEMENT<\/b><\/p>\n\n\n\n<p><b>&nbsp;<\/b><\/p>\n\n\n\n<p>Before we get stuck in, here is how our kit was arranged before setting off. For the 4 days we&#8217;re cycling in the new Specialized x Fjallraven clothing and equipment, which I\u2019ll shorten to SxF. Clothing wise, we were using the&nbsp;SxF Anorak,&nbsp;SxF Wool Baselayer,&nbsp;SxF Shorts,&nbsp;SxF Trousers and&nbsp;SxF Wool socks.<\/p>\n\n\n\n<p>Our bike bags were holding all our additional clothes and equipment. Both of us were using the SxF seat post bags, which are attached to your saddle seat rails and seat post. I was carrying a 16 litre drybag and Ralph had a 10 litre.&nbsp;We were both storing our sleeping systems in the seat post bags, this includes sleeping bags, sleeping mats, pillows and nightwear&nbsp; (merino baselayers and Rab Hut Down slippers). Ralph&#8217;s sleeping bag pack size was a lot bigger\u2014being synthetic it doesn&#8217;t pack down as well a duck down bag, which was as small as a Nalgene bottle in my case; brilliant work Therm-a-rest. To help Ralph reduce this size, we bought a Sea to Summit Compression drybag, a piece of kit I&#8217;d highly recommend\u2014it halved the size of the sleeping bag making it a lot easier to carry and pack away.&nbsp;In the middle of our bikes were the SxF frame bags in small and medium sizes where we stored our Primus gas, moka pot, bike tools, first aid, toothbrushes, toothpaste and a Grayl water bottle.<\/p>\n\n\n\n<p>Along with this we had two SxF top tube bags for snacks, wilderness wipes and phones. Ralph had an additional SxF snack bag on his handlebar where he kept his Grayl water bottle and an Ortlieb handlebar bag. Thanks to Climb on Bikes in Hereford for supplying this! In this bag, Ralph was able to store his Montane Fireball Insulated jacket and a Montane Phase XPD waterproof jacket, because it is April after all and we&#8217;re off to Wales.&nbsp;We were also carrying five Sea to Summit Big River Dry Bags in the 8 litre size which are my second&nbsp;favourite piece of kit. Versatile, hardwearing and can be used for almost anything! I stored an MSR Hubba Hubba 2-person tent in the first&nbsp;bag, my Mountain Equipment Manaslu waterproof jacket and my Rab Electron Down jacket in the second&nbsp;bag and camping utilities in my third&nbsp;one. On my gravel bike, I was able to hold two of the bags on my forks using the Sea to Summit straps with the third bag on my handlebars where I doubled up on using the Sea to Summit straps with 2 sizes we stock. 500mm x 20mm and 20mm x 375mm.<\/p>\n\n\n\n<figure class=\"wp-block-image size-large is-resized\"><img fetchpriority=\"high\" decoding=\"async\" width=\"1024\" height=\"576\" src=\"https:\/\/blog.citrus-lime.com\/tkt\/wp-content\/uploads\/sites\/18\/2025\/03\/bikepackin-gear-from-fjallraven-1-1024x576.jpg\" alt=\"\" class=\"wp-image-17611\" style=\"width:1200px;height:auto\" srcset=\"https:\/\/blog.citrus-lime.com\/tkt\/wp-content\/uploads\/sites\/18\/2025\/03\/bikepackin-gear-from-fjallraven-1-1024x576.jpg 1024w, https:\/\/blog.citrus-lime.com\/tkt\/wp-content\/uploads\/sites\/18\/2025\/03\/bikepackin-gear-from-fjallraven-1-300x169.jpg 300w, https:\/\/blog.citrus-lime.com\/tkt\/wp-content\/uploads\/sites\/18\/2025\/03\/bikepackin-gear-from-fjallraven-1-768x432.jpg 768w, https:\/\/blog.citrus-lime.com\/tkt\/wp-content\/uploads\/sites\/18\/2025\/03\/bikepackin-gear-from-fjallraven-1-1536x864.jpg 1536w, https:\/\/blog.citrus-lime.com\/tkt\/wp-content\/uploads\/sites\/18\/2025\/03\/bikepackin-gear-from-fjallraven-1.jpg 2000w\" sizes=\"(max-width: 1024px) 100vw, 1024px\" \/><\/figure>\n\n\n\n<p><strong>DAY 1<\/strong><\/p>\n\n\n\n<p><i>Hereford &gt; Trekitt &gt; The Arch &gt; Nant Syddion &gt; Nant Rhys<\/i><\/p>\n\n\n\n<p>With the van and bikes all packed up, we left home on Monday morning at 8.20am, with just a few more Sea to Summit drybags needed before heading to Elan Valley, Wales.&nbsp;After a quick visit to Trekitt, we grabbed our meal deal lunches and off we set.&nbsp;We couldn&#8217;t have asked for a nicer day in April. We were gifted with blue skies, bright sunshine and a blast of wind.<\/p>\n\n\n\n<p>Ready and willing, we set off into the woods from The Arch. We had&nbsp;a quick descent surrounded by pine trees, it was glorious. Decent gravel roads with lush scenic views, dipping in and out of the trees. We both mentioned we felt like we were back in Scotland or New Zealand whilst cycling\u2014good old Wales delivering the goods.&nbsp;We soon hit our first bothy, Nant Syddion. Both Ralph and I found it quite creepy, maybe because it&#8217;s our first bothy? However, the views from here were out of this world. It looked straight out onto a grass field with a pine forest behind, looking up at the wind turbines.&nbsp;After a quick pitstop of food, water, a quick drone flight and a little note left in the bothy book, we set off.&nbsp;The gravel so far had been awesome!&nbsp;Fire roads, forests and freedom = Bliss!<\/p>\n\n\n\n<figure class=\"wp-block-image\"><img decoding=\"async\" src=\"https:\/\/blog.citrus-lime.com\/tkt\/wp-content\/uploads\/sites\/18\/2023\/06\/DSC00646-scaled.jpg\" alt=\"\" \/><\/figure>\n\n\n\n<p>I knew we had quite a climb between Nant Syddion and Nant Rhys with the wind turbines in front of us, spinning quickly! Steve, our buying manager at Trekitt, had mentioned the \u2018hike a bike\u2019 situation around here and he wasn&#8217;t wrong.&nbsp;I de-layered at this point\u2014I had been wearing the SxF Anorak with my wool t-shirt underneath. With the sun out and little wind in the cove we were in, not to mention hiking with a 20kg bike, I figured it was best not to overheat!&nbsp;The climb itself was steep, sheer in fact, for about a third of it. Ralph was an absolute saviour and not only did he hike a bike with his bike, but also mine too towards the top. A true gentleman and absolute legend!&nbsp;Once we reached the false summit, we found a spot to celebrate with a coffee and homemade cookie, thanks Mum. We had made the Hike a Bike!&nbsp;Having enjoyed the sun, the epic views and some caffeine, we got going.<\/p>\n\n\n\n<figure class=\"wp-block-image\"><img decoding=\"async\" src=\"https:\/\/blog.citrus-lime.com\/tkt\/wp-content\/uploads\/sites\/18\/2023\/06\/02FB8482-94C2-4945-BFD1-83943320283D-scaled.jpg\" alt=\"\" \/><\/figure>\n\n\n\n<p>Heading for the wind turbines, we were back onto rideable gravel and some more manicured roads with another epic descent in the glorious golden hour. We managed to capture some of my favourite drone footage here with the two of us riding. I was so happy!&nbsp;We did start to notice the outside temperature was starting to drop off rapidly with the sun heading down. We soldiered on to get to Nant Rhys where we rode past a couple of cars, the first we&#8217;d seen all day, and met a walker who was slightly lost and was trying to find her car. We stopped to help her determine that she was headed in the right direction having looked at the OS maps.&nbsp;The final climb up to the bothy was intense\u2014after the big descent we had just done, my legs were tired and starting to cramp up. I stopped to stretch them out, drink some water and have a snack\u2014Ralph was collecting rubbish along the way to help with #trashfreetrails.&nbsp;<\/p>\n\n\n\n<p>When we reached the top of the hill we were back into the evening sunshine where we got to enjoy the peaceful noise of birdsong and nothing in between, it was lovely! We grabbed water from the nearest river using our Grayl water bottles and headed for the bothy.&nbsp;Nant Rhys is a bit smaller than the Nant Syddion; not as much of a mountain hut as Nant Syddion, but more of a cottage style tucked away in the woods. Nant Rhys has been split into 2 areas\u2014a smaller cosier room with the beds and woodstove and a much larger, open room with an additional bed, dart board and kitchen sides. I sent a signal on the Zoleo GPS tracker to my emergency contacts to let them know we had arrived at our base for the night, and all was okay.&nbsp;With the fire lit (with a bit of a struggle), Ralph made tea whilst I made the beds for the night\u2014this was super easy with the sleeping mat pump sacks from Rab and Therm-a-rest. For Tea I had Firepot&#8217;s Beef Stew with Pearl Barley, which for a dehydrated meal was pretty decent\u2014the portions were huge! Ralph&#8217;s was a lot smaller, but his food from Wayfarer was fresh food; he even helped me finish my tea.&nbsp;Now fed, it was time for bed, ready for day 2.<\/p>\n\n\n\n<figure class=\"wp-block-image size-large is-resized\"><img decoding=\"async\" width=\"1024\" height=\"576\" src=\"https:\/\/blog.citrus-lime.com\/tkt\/wp-content\/uploads\/sites\/18\/2025\/03\/dji_fly_20230403_145340_115_1680530039554_photo-scaled-1-1024x576.jpg\" alt=\"\" class=\"wp-image-17613\" style=\"width:1200px;height:auto\" srcset=\"https:\/\/blog.citrus-lime.com\/tkt\/wp-content\/uploads\/sites\/18\/2025\/03\/dji_fly_20230403_145340_115_1680530039554_photo-scaled-1-1024x576.jpg 1024w, https:\/\/blog.citrus-lime.com\/tkt\/wp-content\/uploads\/sites\/18\/2025\/03\/dji_fly_20230403_145340_115_1680530039554_photo-scaled-1-300x169.jpg 300w, https:\/\/blog.citrus-lime.com\/tkt\/wp-content\/uploads\/sites\/18\/2025\/03\/dji_fly_20230403_145340_115_1680530039554_photo-scaled-1-768x432.jpg 768w, https:\/\/blog.citrus-lime.com\/tkt\/wp-content\/uploads\/sites\/18\/2025\/03\/dji_fly_20230403_145340_115_1680530039554_photo-scaled-1-1536x864.jpg 1536w, https:\/\/blog.citrus-lime.com\/tkt\/wp-content\/uploads\/sites\/18\/2025\/03\/dji_fly_20230403_145340_115_1680530039554_photo-scaled-1.jpg 2000w\" sizes=\"(max-width: 1024px) 100vw, 1024px\" \/><\/figure>\n\n\n\n<p><b>DAY 2&nbsp;<\/b><\/p>\n\n\n\n<p><i>Nant Rhys &gt; Cwm-Bach Bothy<\/i><\/p>\n\n\n\n<p>A night full of broken sleep. We were both sleep deprived from the first night, having never done this before. Any noise and my body woke up with my brain thinking something or someone will be outside.&nbsp;We had an alarm set for 6am and 6:30am for a backup. Ralph was first up. We made some breakfast\u2014Veggie Breakfast from Wayfarer for Ralph and Baked Apple Porridge from Firepot for me, with fresh ground coffee from Mill Bank Coffee local to Herefordshire in the Moka Pot. Strong coffee is essential for these trips.&nbsp;Ready and dressed for the day, we repacked our kit onto the bikes and made some additional tweaks to our setup for the full day ahead.<\/p>\n\n\n\n<figure class=\"wp-block-image\"><img decoding=\"async\" src=\"https:\/\/blog.citrus-lime.com\/tkt\/wp-content\/uploads\/sites\/18\/2023\/06\/IMG_20230404_151858_6-scaled.jpg\" alt=\"\" \/><\/figure>\n\n\n\n<p>We set off and waved goodbye to Nant Rhys. There had been a frost overnight\u2014when we hit the sun you could see the steam rising from the ground. We descended from the bothy which was a &nbsp;great way to start your day, with big open skies, wind turbines to the right and woodland to your left with the river flowing through. We brushed our teeth at this river, collected water and descended some more, before crossing two more bridges.&nbsp;Now back on green lane, we had to push up in parts and met our biggest puddle yet. To save our bearings we went around it to avoid the bogs and soggy shoes.&nbsp;We made it to the main road, energised with snacks (Haribo and electrolytes) for the no.81 Sustrans climb up to Elan Valley. It felt good to get this climb out of the way, I knew the road fairly well, but I wondered if that was better or worse.<\/p>\n\n\n\n<p>With the views of Craig Goch Reservoir in front of us, we stopped for lunch. I had Firepot&#8217;s Smokey Paella, which I would highly recommend and rate 8 out of 10, while Ralph had Wayfarers Peri Peri chicken which he rated 6 out of 10. We were headed for Cwm-Bach Bothy and did our best to avoid going the boggy way from Pont Ar Elan.&nbsp;The diversion meant we had an extra 2.5 miles via a bridleway. It felt like forever, to the point where you may start to doubt why you were doing the diversion in the first place, but we also had dry feet, so in hindsight, I do feel it was 100% worth it. I&#8217;m pretty certain I would have been miserable with soggy wet feet for the rest of our next 2 days.&nbsp;We stopped for a coffee around half way along before descending where we saw a group of wild horses, baby lambs and kites flying across the skies with an amazing 360-panoramic view around the Elan Valley area from West to East\u2014you could see for miles.<\/p>\n\n\n\n<figure class=\"wp-block-image\"><img decoding=\"async\" src=\"https:\/\/blog.citrus-lime.com\/tkt\/wp-content\/uploads\/sites\/18\/2023\/06\/DSC00679-scaled.jpg\" alt=\"\" \/><\/figure>\n\n\n\n<p>Cwm-Bach Bothy was in the nicest setting, with open scenic views across the reservoir; the most Instagram-friendly bothy we had visited so far, having been restored a couple of years ago. Inside it&#8217;s one big room with one half being a sleeping platform and the other a fireplace and a little kitchen corner. The loo is located outside in a little lean-to shed on the Bothy. Unfortunately, previous visitors had dismantled the wood separating the loo from the storage unit. Please respect the bothy and don&#8217;t rip out wood off walls etc. The MBA (Mountain Bothy Association) is a volunteer-based charity offering to carry in kit and equipment to these remote locations to keep them in working order.&nbsp;With the very scenic setting in mind and the sun beginning to set, we thought it was a great time to set the tent up for some photos with the bikes. We shot some photos, made the fire inside the bothy and set our beds up for the night. I also swapped our sleeping systems around for the night so we could try different kit out.&nbsp;Ralph\u2019s sleeping system for the night was the Exped Ultra R5 sleeping mat, the Therm-a-rest Questar 0\u00b0C sleeping bag and the Exped Versa M Pillow. I had the Rab Solar sleeping bag, Rab Iononsphere Sleeping mat in wide and the Rab Down Pillow. I also slept in my down jacket and my merino baselayers &amp; legwear for a bit more warmth as I to prefer to sleep warm.&nbsp;<\/p>\n\n\n\n<p>Beds made and photos taken, we were ready for tea\u2014I had mushroom Risotto tonight. Hoping for a more peaceful night sleep.&nbsp;Over and out.<\/p>\n\n\n\n<figure class=\"wp-block-image\"><img decoding=\"async\" src=\"https:\/\/blog.citrus-lime.com\/tkt\/wp-content\/uploads\/sites\/18\/2023\/06\/DSC00709-scaled.jpg\" alt=\"\" \/><\/figure>\n\n\n\n<p><b>DAY 3&nbsp;<\/b><\/p>\n\n\n\n<p><i>Cwm-Bach &gt; Claerduu bothy<\/i><\/p>\n\n\n\n<p>Oh dear, I think it was a case of wishful thinking for a peaceful night&#8217;s sleep\u2014I woke up in the middle of the night to the sound of glass jangling. When I first woke up to the noise, it seemed so far away but as it became closer and closer to the hut my heart was racing\u2014I felt quite on edge in my sleeping bag, unsure of the noise. By morning I was sleepy and told myself it must have been the wild horses coming down from the hills rather than a person outside.&nbsp;The weather had changed overnight from sunshine to heavy rain and mizzle. We made breakfast, packed our sleeping kit away and repacked our bags and bikes, ready to leave Cwm-Bach bothy.<\/p>\n\n\n\n<p>Today we were headed for the Craig Goch Reservoir bridge. We needed to stay high on the hill to avoid the bogs down low, so we re-joined the bridleway where we spotted wild horses high above us on the hill. Both of us were a bit too keen to get riding this morning\u2014I managed to catch my mudguard and twist it (luckily didn&#8217;t break) and Ralph got a slight puncture\u2014tubeless wheel setup to the rescue!&nbsp;We hit Craig Goch Reservoir Bridge and headed down past Penygarreg Reservoir, onto Garreg-ddu Reservoir, where stopped for lunch on a bench. Coffee on, food pouches rehydrating, we were ready for grub! For lunch today we both had Tuscan Stew\u2014delicious! We would highly recommend this, ideally followed by homemade cookies. At this point was quite tired\u2014I wish I had taken more treats as we were only two-thirds of the way around and not many sweets left.&nbsp;<\/p>\n\n\n\n<p>After lunch we took the road around to Claerwen Reservoir, heading over the bridge and riding past Caban-coh Reservoir and a little church heading through the luscious green pine trees making our way up to Claerwen Reservoir. Ralph and I switched our bikes around at this point\u2014he rode my gravel bike, whilst I turned on his e-bike battery to ride along the reservoir.&nbsp;I was really surprised to see at the very end of this reservoir there was a house; I couldn&#8217;t get over how remote this place was. The whole way around Ralph and I had played the game of &#8216;imagine living here and there&#8217;\u2014this place was so alone and desolate in the middle of nowhere; they must see a lot of rain. It&#8217;s very bleak and exposed, with not many trees.<\/p>\n\n\n\n<p>Passing this farm, we were onto the green lane with lots of water! The amount of water it would be fun to ride\/drive through in a Land Rover but not your bike. The landscape in this area felt like Lord of Rings surrounded by lots of water, hills, mountains and nothing in between. It was so quiet and with mizzle coming down, we got a glimpse of Claerduu bothy. We spotted a group of walkers heading down the hillside in their bright waterproofs heading towards the bothy for refuge away from the elements.&nbsp;Steve had told me this bothy was a 5-star experience\u2014a running loo and water from the tap! Luxuries in life we hadn&#8217;t had for a couple of days.<\/p>\n\n\n\n<p>A little while later we arrived at Claerduu bothy; it has a footbridge made from big slabs of rock near the front of the house. Here we met 15 people outside setting up their tents\u2014they were part of the Duke of Edinburgh award\u2014partaking in their gold practice on their fifth&nbsp;of six days with their mountain leaders.&nbsp;It was nice to meet like-minded people whilst on our trip; I think we had been very lucky so far to have the bothies to ourselves\u2014the Mountain Leader had already done a job for us by lighting the fire. As part of their training, the DOE students had to sleep outside.<\/p>\n\n\n\n<p>In this Claerduu bothy there are 2 floors with 3 rooms in total for bedrooms, a small kitchen area, dining room and fire with plenty of space. Outside is a firewood store and a flushing loo. We hung our waterproof jackets out near the fire to dry, ready for our last day tomorrow. Tea was eaten, beds were made, I wrote in my diary and we headed to bed as we knew the DOE were setting off around 7am tomorrow.<\/p>\n\n\n\n<figure class=\"wp-block-image\"><img decoding=\"async\" src=\"https:\/\/blog.citrus-lime.com\/tkt\/wp-content\/uploads\/sites\/18\/2023\/06\/IMG_6191-scaled.jpg\" alt=\"\" \/><\/figure>\n\n\n\n<p><b>Day 4<\/b><\/p>\n\n\n\n<p><i>Claerduu bothy &gt; The Arch &gt; Drive home.<\/i><\/p>\n\n\n\n<p>We were awoken around 6am when we could hear the DOE students getting their things together; we knew they would be in around 7am to collect a few things that they had left by the fire and to collect water. I did feel for them as it was pouring with rain in the morning and who looks forward to putting wet kit back on? Up and about, we saw a glimpse of the sunrise before it started to rain and then hail a few times whilst we were eating breakfast and getting bikes and bags packed up. We were both feeling quite excited to be on the home run back to the van. After 4 days without a shower, we both felt gross and looked forward to feeling clean again.<\/p>\n\n\n\n<p>Once out the door it was very soggy underfoot. We waved goodbye to Claerduu bothy (which was built in 1859!) and began to head back up the bridleway and onto the green lane.&nbsp;We had a great view over Llyn Teifi. One of the mountain leaders, Connor, had recommended we visit a self-servicing Tea shed in Pont-rhyd-y-groes which is open via a \u00a31 donation for Tea and Coffee.&nbsp;After the Tea Shed we crossed the river and saw a vintage Shell garage with 2 very old petrol tanks \u2013 where of course we stopped to take some photos.&nbsp;Riding on we soon arrived at the Hafod Estate; a picturesque landscape from the 18th century. The estate was once the thriving home of the benevolent Johnes family\u2013 described as a \u2018paradise\u2019 for those who lived there, now part of the National Trust, a place I&#8217;m keen to return to.&nbsp;Our last leg of the journey was through the woods where we got some classic shots of the bikes next to felled timber. Eventually we made it back to the van in one piece. We&#8217;d done it! Woohoo!<\/p>\n\n\n\n<figure class=\"wp-block-image\"><img decoding=\"async\" src=\"https:\/\/blog.citrus-lime.com\/tkt\/wp-content\/uploads\/sites\/18\/2023\/06\/GOPR1477-scaled.jpg\" alt=\"\" \/><\/figure>\n\n\n\n<p>On our route home, we took the scenic route via the Elan Valley Dams where only one of the dams was overflowing. Obviously, we were obligated to finish our epic route with Rainbow Cake, Coffee and food from the Elan Valley Visitor Centre ready for the drive home.<\/p>\n\n\n\n<figure class=\"wp-block-image\"><img decoding=\"async\" src=\"https:\/\/blog.citrus-lime.com\/tkt\/wp-content\/uploads\/sites\/18\/2023\/06\/GOPR1488-scaled.jpg\" alt=\"\" \/><\/figure>\n\n\n\n<p>With an EPIC four days through Mid Wales, we&#8217;d like a say a big thank you to Climb on Bikes in Hereford for helping us with a Specialized E-bike, Specialized Tactic Helmet, Ortlieb bags and an additional Fjallraven Top Tube Bag. I can\u2019t recommend these guys enough!<\/p>\n\n\n\n<p>Here&#8217;s to more bike-packing adventures this summer; thanks for joining us on our journey.<\/p>\n\n\n\n<p><b>KIT LIST: &nbsp;<\/b><\/p>\n\n\n\n<p><i>Specialized Bikes x2 ( x 1 bike supplied by Climb On Bikes Hereford)<\/i><\/p>\n\n\n\n<p><i>Specialized Helmets x 2 Tactics&nbsp; (x1 supplied by Climb On Bikes Hereford)<\/i><\/p>\n\n\n\n<p><i><a href=\"https:\/\/www.trekitt.co.uk\/facetresultsalt.aspx?Term=Specialized%20Anorak\" target=\"_blank\" rel=\"noopener\">Specialized x Fjallraven Anoraks<\/a> \u2013 Green &amp; Red (Mens &amp; Womens)<\/i><\/p>\n\n\n\n<p><i><a href=\"https:\/\/www.trekitt.co.uk\/facetresultsalt.aspx?Term=specialized%20trouser\" target=\"_blank\" rel=\"noopener\">Specialized x Fjallraven Trousers<\/a> \u2013 Blue (Mens)<\/i><\/p>\n\n\n\n<p><i><a href=\"https:\/\/www.trekitt.co.uk\/clothing\/trousers-shorts\/specialized-fjallraven-womens-sf-riders-hybrid-shorts-red__49158\" target=\"_blank\" rel=\"noopener\">SxF Shorts \u2013 Black<\/a> (Womens)<\/i><\/p>\n\n\n\n<p><i><a href=\"https:\/\/www.trekitt.co.uk\/facetresultsalt.aspx?Term=Specialized%20socks\" target=\"_blank\" rel=\"noopener\">SxF Wool Socks<\/a> \u2013 White (Unisex)<\/i><\/p>\n\n\n\n<p><i><a href=\"https:\/\/www.trekitt.co.uk\/facetresultsalt.aspx?Term=specialized%20vest\" target=\"_blank\" rel=\"noopener\">SxF Wind Vest<\/a> \u2013 Yellow (Womens)<\/i><\/p>\n\n\n\n<p><i><a href=\"https:\/\/www.trekitt.co.uk\/facetresultsalt.aspx?Term=specialized%20wool\" target=\"_blank\" rel=\"noopener\">SxF Wool Baselayer<\/a> \u2013 Green (Womens)<\/i><\/p>\n\n\n\n<p><i>Castelli Bibs (Womens)<\/i><\/p>\n\n\n\n<p><i>Patagonia Bibs \u2013 (Mens)<\/i><\/p>\n\n\n\n<p><i><a href=\"https:\/\/www.trekitt.co.uk\/facetresultsalt.aspx?Term=Specialized%20frame\" target=\"_blank\" rel=\"noopener\">SxF Bike Frame Bags<\/a> (X 1 small and x 1 medium) 244 g<\/i><\/p>\n\n\n\n<p><i><a href=\"https:\/\/www.trekitt.co.uk\/rucksacks\/pgr\/specialized-fjallraven-sf-seatbag-harness-green__49209\" target=\"_blank\" rel=\"noopener\">SxF Seat Post Bag<\/a> + <a href=\"https:\/\/www.trekitt.co.uk\/facetresultsalt.aspx?Term=specialized%20drybag\" target=\"_blank\" rel=\"noopener\">10L Drybag and 13L drybag<\/a> 625 g + 118 g<\/i><\/p>\n\n\n\n<p><a href=\"https:\/\/www.trekitt.co.uk\/facetresultsalt.aspx?Term=Snack%20bag\" target=\"_blank\" rel=\"noopener\"><i>SxF Snack bag<\/i><\/a><\/p>\n\n\n\n<p><i><a href=\"https:\/\/www.trekitt.co.uk\/facetresultsalt.aspx?Term=top%20tube%20bag\" target=\"_blank\" rel=\"noopener\">SxF Top tube bag<\/a> (green &amp; red) Red supplied by Climb On Bikes 139 g<\/i><\/p>\n\n\n\n<p><i>Ortileb Handlebar bag \u2013 supplied by Climb On Bikes Hereford<\/i><\/p>\n\n\n\n<p><i><a href=\"https:\/\/www.trekitt.co.uk\/facetresultsalt.aspx?Term=Primus%20Mimer%20Stove\" target=\"_blank\" rel=\"noopener\">Primus Mimer Stove<\/a> 195 g<\/i><\/p>\n\n\n\n<p><i>Primus Gas<\/i><\/p>\n\n\n\n<p><i>Flint \u2013 96 g<\/i><\/p>\n\n\n\n<p><i>Lighter<\/i><\/p>\n\n\n\n<p><a href=\"https:\/\/www.trekitt.co.uk\/equipment\/pots-pans\/sea-to-summit-x-set-11__49737\" target=\"_blank\" rel=\"noopener\"><i>Sea to Summit Collapsible Mugs 68g x 2<\/i><\/a><\/p>\n\n\n\n<p><i>Sea to Summit 1.3 ltr Collapsible Kettle 186g<\/i><\/p>\n\n\n\n<p><i>Mill Bank Coffee 500 g<\/i><\/p>\n\n\n\n<p><i><a href=\"https:\/\/www.trekitt.co.uk\/equipment\/pgr\/gsi-outdoors-javagrind__52139\" target=\"_blank\" rel=\"noopener\">Portable Coffee Grinde<\/a>r 500 g<\/i><\/p>\n\n\n\n<p><a href=\"https:\/\/www.trekitt.co.uk\/sleep-shelter\/outdoor-accessories\/sea-to-summit-wilderness-wipes-xl__33503\" target=\"_blank\" rel=\"noopener\"><i>Wilderness Wipes<\/i><\/a><\/p>\n\n\n\n<p><a href=\"https:\/\/www.trekitt.co.uk\/equipment\/wash-bags-kits\/sea-to-summit-wilderness-wash-50ml__49722\" target=\"_blank\" rel=\"noopener\"><i>Wilderness Wash<\/i><\/a><\/p>\n\n\n\n<p><i>First Aid Kit 500 g<\/i><\/p>\n\n\n\n<p><i>Trowel 1kg<\/i><\/p>\n\n\n\n<p><i><a href=\"https:\/\/www.trekitt.co.uk\/equipment\/lighting\/black-diamond-storm-450-headlamp-olive__54009\" target=\"_blank\" rel=\"noopener\">Black Diamond Torch<\/a> 59 g<\/i><\/p>\n\n\n\n<p><i><a href=\"https:\/\/www.trekitt.co.uk\/facetresultsalt.aspx?Term=Big%20river%20dry%20bags\" target=\"_blank\" rel=\"noopener\">Sea to summit Big river dry bags 8L<\/a> x 5 160 g<\/i><\/p>\n\n\n\n<p><i><a href=\"https:\/\/www.trekitt.co.uk\/facetresultsalt.aspx?Term=Stretch%20Loc\" target=\"_blank\" rel=\"noopener\">Sea to Summit Straps<\/a> x 12 26 g<\/i><\/p>\n\n\n\n<p><a href=\"https:\/\/www.trekitt.co.uk\/facetresultsalt.aspx?Term=Compression%20Bag\" target=\"_blank\" rel=\"noopener\"><i>Sea to Summit Compression Bag \u2013 20L<\/i><\/a><\/p>\n\n\n\n<p><a href=\"https:\/\/www.trekitt.co.uk\/facetresultsalt.aspx?Term=Rab%20Solar%20Sleeping%20Bag\" target=\"_blank\" rel=\"noopener\"><i>Rab Solar Sleeping Bag<\/i><\/a><\/p>\n\n\n\n<p><a href=\"https:\/\/www.trekitt.co.uk\/sleep-shelter\/sleeping-mat-accessories\/rab-stratosphere-pillow-graphene__51207\" target=\"_blank\" rel=\"noopener\"><i>Rab Down Pillow<\/i><\/a><\/p>\n\n\n\n<p><i><a href=\"https:\/\/www.trekitt.co.uk\/facetresults.aspx?Term=exped%20versa%20pillow\" target=\"_blank\" rel=\"noopener\">Exped Versa Pillow<\/a> 65 g<\/i><\/p>\n\n\n\n<p><i><a href=\"https:\/\/www.trekitt.co.uk\/facetresults.aspx?Term=ionosphere%205\" target=\"_blank\" rel=\"noopener\">Rab Ionosphere 5 sleeping mat<\/a>&nbsp;<\/i><\/p>\n\n\n\n<p><i><a href=\"https:\/\/www.trekitt.co.uk\/sleep-shelter\/sleeping-mats\/exped-ultra-5r-sleeping-mat-lw__45430\" target=\"_blank\" rel=\"noopener\">Exped Sleeping mat Ultra R5<\/a> Medium 183cm x 52xm x 7cm 655 g<\/i><\/p>\n\n\n\n<p><i><a href=\"https:\/\/www.trekitt.co.uk\/facetresultsalt.aspx?Term=Therm-a-rest%20Questar\" target=\"_blank\" rel=\"noopener\">Therm-a-rest Questar 0\u2019C<\/a> Sleeping Bag 850 g<\/i><\/p>\n\n\n\n<p><i><a href=\"https:\/\/www.trekitt.co.uk\/facetresultsalt.aspx?Term=Grayl\" target=\"_blank\" rel=\"noopener\">Grayl Water bottles<\/a> x 2 (354 g)<\/i><\/p>\n\n\n\n<p><i><a href=\"https:\/\/www.trekitt.co.uk\/equipment\/bottles-flasks-tumblers\/fidlock-twist-bottle-with-bike-base__48566\" target=\"_blank\" rel=\"noopener\">Fidlock waterbottles + bike attachments x 2<\/a> 500 g<\/i><\/p>\n\n\n\n<p><a href=\"https:\/\/www.trekitt.co.uk\/facetresults.aspx?Term=zoleo\" target=\"_blank\" rel=\"noopener\"><i>GPS communicator \u2013 Zoleo 150 g<\/i><\/a><\/p>\n\n\n\n<p><i>Various bike tools<\/i><\/p>\n\n\n\n<p><i>Swiss army knife<\/i><\/p>\n\n\n\n<p><i><a href=\"https:\/\/www.trekitt.co.uk\/facetresultsalt.aspx?Term=Rab%20Down%20Hut\" target=\"_blank\" rel=\"noopener\">Rab Down Hut Slippers<\/a> x 2 black + heather 23 g&nbsp;<\/i><\/p>\n\n\n\n<p><i><a href=\"https:\/\/www.trekitt.co.uk\/facetresultsalt.aspx?Term=Montane%20Phase%20XPD%20waterproof\" target=\"_blank\" rel=\"noopener\">Montane Phase XPD waterproof<\/a> (Mens)<\/i><\/p>\n\n\n\n<p><i><a href=\"https:\/\/www.trekitt.co.uk\/outdoor-jackets\/waterproof-jackets\/mountain-equipment-womens-manaslu-jacket-sprucedeep-teal__40500\" target=\"_blank\" rel=\"noopener\">Mountain Equipment Manaslu Waterproof (Womens)<\/a> 460 g<\/i><\/p>\n\n\n\n<p><i><a href=\"https:\/\/www.trekitt.co.uk\/facetresults.aspx?Term=electron%20jacket\" target=\"_blank\" rel=\"noopener\">Rab Electron Pro Down Jacket (Womens)<\/a> &nbsp;459 g<\/i><\/p>\n\n\n\n<p><i><a href=\"https:\/\/trekitt.co.uk\/facetresultsalt.aspx?Term=Montane%20Fireball%20Jacket\" target=\"_blank\" rel=\"noopener\">Montane Fireball Jacket<\/a> (Mens)<\/i><\/p>\n\n\n\n<p><i><a href=\"https:\/\/www.trekitt.co.uk\/facetresultsalt.aspx?Term=darn%20tough\" target=\"_blank\" rel=\"noopener\">Darn Tough Boot sock<\/a>s x2. (Mens &amp; Womens)&nbsp;<\/i><\/p>\n\n\n\n<p><a href=\"https:\/\/www.trekitt.co.uk\/facetresultsalt.aspx?Term=Stance%20Crew\" target=\"_blank\" rel=\"noopener\"><i>Stance Crew cut socks<\/i><\/a><\/p>\n\n\n\n<p><a href=\"https:\/\/www.trekitt.co.uk\/facetresultsalt.aspx?Term=firepot\" target=\"_blank\" rel=\"noopener\"><i>Firepot Breakfast Baked Apple Porridge &nbsp;(125g) x 3<\/i><\/a><\/p>\n\n\n\n<p><a href=\"https:\/\/www.trekitt.co.uk\/facetresultsalt.aspx?Term=firepot\" target=\"_blank\" rel=\"noopener\"><i>Firepot Beef Stew barley<\/i><\/a><\/p>\n\n\n\n<p><i>Firepot Mushroom Risotto<\/i><\/p>\n\n\n\n<p><i>Firepot Paella&nbsp;<\/i><\/p>\n\n\n\n<p><i>Firepot Tuscan Stew<\/i><\/p>\n\n\n\n<p><a href=\"https:\/\/www.trekitt.co.uk\/facetresults.aspx?Term=wayfayrer\" target=\"_blank\" rel=\"noopener\"><i>Veggie Breakfast Wayfarer<\/i><\/a><\/p>\n\n\n\n<p><i>Meat Breakfast Wayfarer<\/i><\/p>\n\n\n\n<p><i>Peri Peri Chicken Wayfarer<\/i><\/p>\n\n\n\n<p><a href=\"https:\/\/www.trekitt.co.uk\/facetresultsalt.aspx?Term=firepot\" target=\"_blank\" rel=\"noopener\"><i>Firepot Mac n cheese<\/i><\/a><\/p>\n\n\n\n<p><a href=\"https:\/\/www.trekitt.co.uk\/facetresultsalt.aspx?Term=expedition%20food\" target=\"_blank\" rel=\"noopener\"><i>Expedition berry muesli<\/i><\/a><\/p>\n\n\n\n<p><a href=\"_wp_link_placeholder\"><i>Expedition mac n cheese<\/i><\/a><\/p>\n\n\n\n<p><i>Homemade cookies<\/i><\/p>\n\n\n\n<p><i>Haribo<\/i><\/p>\n\n\n\n<p><i>Veloforte Gels and bars<\/i><\/p>\n\n\n\n<p><i>Electrolytes &nbsp;<\/i><\/p>\n\n\n\n<p><i>(Not enough snacks)<\/i><\/p>\n\n\n\n<h6 class=\"wp-block-heading\"><em>Written by Lucy Lewis<\/em><\/h6>\n","protected":false},"excerpt":{"rendered":"<p>Fj\u00e4llr\u00e4ven Specialized Bikepacking Gear Curious about how the Fj\u00e4llr\u00e4ven Specialized bikepacking gear performs on multi-day gravel adventures? Discover why this versatile kit impressed on a wild four-day cycling journey through the rugged Welsh landscape. In SHORT&#8230; If you had told me at the start of 2022 that I&#8217;d be taking part in a&nbsp;Specialized x Fjallraven&nbsp;gravel [&hellip;]<\/p>\n","protected":false},"author":75,"featured_media":5828,"comment_status":"open","ping_status":"open","sticky":false,"template":"single-full","format":"standard","meta":{"_price":"","_stock":"","_tribe_ticket_header":"","_tribe_default_ticket_provider":"","_tribe_ticket_capacity":"0","_ticket_start_date":"","_ticket_end_date":"","_tribe_ticket_show_description":"","_tribe_ticket_show_not_going":false,"_tribe_ticket_use_global_stock":"","_tribe_ticket_global_stock_level":"","_global_stock_mode":"","_global_stock_cap":"","_tribe_rsvp_for_event":"","_tribe_ticket_going_count":"","_tribe_ticket_not_going_count":"","_tribe_tickets_list":"[]","_tribe_ticket_has_attendee_info_fields":false,"footnotes":""},"categories":[2],"tags":[],"class_list":["post-5819","post","type-post","status-publish","format-standard","has-post-thumbnail","hentry","category-trekitt-adventures"],"featured_image_src":"https:\/\/blog.citrus-lime.com\/tkt\/wp-content\/uploads\/sites\/18\/2023\/06\/fjallspec.jpg","author_info":{"display_name":"Lucy Lewis","author_link":"https:\/\/blog.citrus-lime.com\/tkt\/author\/lucylewis\/"},"yoast_head":"<!-- This site is optimized with the Yoast SEO plugin v27.5 - https:\/\/yoast.com\/product\/yoast-seo-wordpress\/ -->\n<title>We Tested Fj\u00e4llr\u00e4ven&#039;s new Bikepacking Gear - Trekitt Blog<\/title>\n<meta name=\"description\" content=\"Lucy and her boyfriend Ralph recently set out on a 101km ride around mid Wales to test out Fj\u00e4llr\u00e4ven&#039;s new range of bikepacking gear...\" \/>\n<meta name=\"robots\" content=\"index, follow, max-snippet:-1, max-image-preview:large, max-video-preview:-1\" \/>\n<link rel=\"canonical\" href=\"https:\/\/blog.citrus-lime.com\/tkt\/we-tested-fjallravens-new-bikepacking-gear\/\" \/>\n<meta property=\"og:locale\" content=\"en_GB\" \/>\n<meta property=\"og:type\" content=\"article\" \/>\n<meta property=\"og:title\" content=\"We Tested Fj\u00e4llr\u00e4ven&#039;s new Bikepacking Gear - Trekitt Blog\" \/>\n<meta property=\"og:description\" content=\"Lucy and her boyfriend Ralph recently set out on a 101km ride around mid Wales to test out Fj\u00e4llr\u00e4ven&#039;s new range of bikepacking gear...\" \/>\n<meta property=\"og:url\" content=\"https:\/\/blog.citrus-lime.com\/tkt\/we-tested-fjallravens-new-bikepacking-gear\/\" \/>\n<meta property=\"og:site_name\" content=\"Trekitt Blog\" \/>\n<meta property=\"article:published_time\" content=\"2023-06-08T09:03:32+00:00\" \/>\n<meta property=\"article:modified_time\" content=\"2025-07-09T12:33:24+00:00\" \/>\n<meta property=\"og:image\" content=\"https:\/\/blog.citrus-lime.com\/tkt\/wp-content\/uploads\/sites\/18\/2023\/06\/fjallspec.jpg\" \/>\n\t<meta property=\"og:image:width\" content=\"1920\" \/>\n\t<meta property=\"og:image:height\" content=\"1080\" \/>\n\t<meta property=\"og:image:type\" content=\"image\/jpeg\" \/>\n<meta name=\"author\" content=\"Lucy Lewis\" \/>\n<meta name=\"twitter:card\" content=\"summary_large_image\" \/>\n<meta name=\"twitter:label1\" content=\"Written by\" \/>\n\t<meta name=\"twitter:data1\" content=\"Lucy Lewis\" \/>\n\t<meta name=\"twitter:label2\" content=\"Estimated reading time\" \/>\n\t<meta name=\"twitter:data2\" content=\"19 minutes\" \/>\n<script type=\"application\/ld+json\" class=\"yoast-schema-graph\">{\"@context\":\"https:\\\/\\\/schema.org\",\"@graph\":[{\"@type\":\"Article\",\"@id\":\"https:\\\/\\\/blog.citrus-lime.com\\\/tkt\\\/we-tested-fjallravens-new-bikepacking-gear\\\/#article\",\"isPartOf\":{\"@id\":\"https:\\\/\\\/blog.citrus-lime.com\\\/tkt\\\/we-tested-fjallravens-new-bikepacking-gear\\\/\"},\"author\":{\"name\":\"Lucy Lewis\",\"@id\":\"https:\\\/\\\/blog.citrus-lime.com\\\/tkt\\\/#\\\/schema\\\/person\\\/8a080293f1fc1e5fa3abb9758e67a8f7\"},\"headline\":\"We Tested Fj\u00e4llr\u00e4ven&#8217;s new Bikepacking Gear\",\"datePublished\":\"2023-06-08T09:03:32+00:00\",\"dateModified\":\"2025-07-09T12:33:24+00:00\",\"mainEntityOfPage\":{\"@id\":\"https:\\\/\\\/blog.citrus-lime.com\\\/tkt\\\/we-tested-fjallravens-new-bikepacking-gear\\\/\"},\"wordCount\":3691,\"commentCount\":0,\"publisher\":{\"@id\":\"https:\\\/\\\/blog.citrus-lime.com\\\/tkt\\\/#organization\"},\"image\":{\"@id\":\"https:\\\/\\\/blog.citrus-lime.com\\\/tkt\\\/we-tested-fjallravens-new-bikepacking-gear\\\/#primaryimage\"},\"thumbnailUrl\":\"https:\\\/\\\/blog.citrus-lime.com\\\/tkt\\\/wp-content\\\/uploads\\\/sites\\\/18\\\/2023\\\/06\\\/fjallspec.jpg\",\"articleSection\":[\"Trekitt Adventures\"],\"inLanguage\":\"en-GB\",\"potentialAction\":[{\"@type\":\"CommentAction\",\"name\":\"Comment\",\"target\":[\"https:\\\/\\\/blog.citrus-lime.com\\\/tkt\\\/we-tested-fjallravens-new-bikepacking-gear\\\/#respond\"]}]},{\"@type\":\"WebPage\",\"@id\":\"https:\\\/\\\/blog.citrus-lime.com\\\/tkt\\\/we-tested-fjallravens-new-bikepacking-gear\\\/\",\"url\":\"https:\\\/\\\/blog.citrus-lime.com\\\/tkt\\\/we-tested-fjallravens-new-bikepacking-gear\\\/\",\"name\":\"We Tested Fj\u00e4llr\u00e4ven's new Bikepacking Gear - Trekitt Blog\",\"isPartOf\":{\"@id\":\"https:\\\/\\\/blog.citrus-lime.com\\\/tkt\\\/#website\"},\"primaryImageOfPage\":{\"@id\":\"https:\\\/\\\/blog.citrus-lime.com\\\/tkt\\\/we-tested-fjallravens-new-bikepacking-gear\\\/#primaryimage\"},\"image\":{\"@id\":\"https:\\\/\\\/blog.citrus-lime.com\\\/tkt\\\/we-tested-fjallravens-new-bikepacking-gear\\\/#primaryimage\"},\"thumbnailUrl\":\"https:\\\/\\\/blog.citrus-lime.com\\\/tkt\\\/wp-content\\\/uploads\\\/sites\\\/18\\\/2023\\\/06\\\/fjallspec.jpg\",\"datePublished\":\"2023-06-08T09:03:32+00:00\",\"dateModified\":\"2025-07-09T12:33:24+00:00\",\"description\":\"Lucy and her boyfriend Ralph recently set out on a 101km ride around mid Wales to test out Fj\u00e4llr\u00e4ven's new range of bikepacking gear...\",\"breadcrumb\":{\"@id\":\"https:\\\/\\\/blog.citrus-lime.com\\\/tkt\\\/we-tested-fjallravens-new-bikepacking-gear\\\/#breadcrumb\"},\"inLanguage\":\"en-GB\",\"potentialAction\":[{\"@type\":\"ReadAction\",\"target\":[\"https:\\\/\\\/blog.citrus-lime.com\\\/tkt\\\/we-tested-fjallravens-new-bikepacking-gear\\\/\"]}]},{\"@type\":\"ImageObject\",\"inLanguage\":\"en-GB\",\"@id\":\"https:\\\/\\\/blog.citrus-lime.com\\\/tkt\\\/we-tested-fjallravens-new-bikepacking-gear\\\/#primaryimage\",\"url\":\"https:\\\/\\\/blog.citrus-lime.com\\\/tkt\\\/wp-content\\\/uploads\\\/sites\\\/18\\\/2023\\\/06\\\/fjallspec.jpg\",\"contentUrl\":\"https:\\\/\\\/blog.citrus-lime.com\\\/tkt\\\/wp-content\\\/uploads\\\/sites\\\/18\\\/2023\\\/06\\\/fjallspec.jpg\",\"width\":1920,\"height\":1080},{\"@type\":\"BreadcrumbList\",\"@id\":\"https:\\\/\\\/blog.citrus-lime.com\\\/tkt\\\/we-tested-fjallravens-new-bikepacking-gear\\\/#breadcrumb\",\"itemListElement\":[{\"@type\":\"ListItem\",\"position\":1,\"name\":\"Home\",\"item\":\"https:\\\/\\\/blog.citrus-lime.com\\\/tkt\\\/\"},{\"@type\":\"ListItem\",\"position\":2,\"name\":\"We Tested Fj\u00e4llr\u00e4ven&#8217;s new Bikepacking Gear\"}]},{\"@type\":\"WebSite\",\"@id\":\"https:\\\/\\\/blog.citrus-lime.com\\\/tkt\\\/#website\",\"url\":\"https:\\\/\\\/blog.citrus-lime.com\\\/tkt\\\/\",\"name\":\"Trekitt Blog\",\"description\":\"Trekitt | UK Outdoor &amp; Mountaineering Clothing and Equipment\",\"publisher\":{\"@id\":\"https:\\\/\\\/blog.citrus-lime.com\\\/tkt\\\/#organization\"},\"potentialAction\":[{\"@type\":\"SearchAction\",\"target\":{\"@type\":\"EntryPoint\",\"urlTemplate\":\"https:\\\/\\\/blog.citrus-lime.com\\\/tkt\\\/?s={search_term_string}\"},\"query-input\":{\"@type\":\"PropertyValueSpecification\",\"valueRequired\":true,\"valueName\":\"search_term_string\"}}],\"inLanguage\":\"en-GB\"},{\"@type\":\"Organization\",\"@id\":\"https:\\\/\\\/blog.citrus-lime.com\\\/tkt\\\/#organization\",\"name\":\"Trekitt Blog\",\"url\":\"https:\\\/\\\/blog.citrus-lime.com\\\/tkt\\\/\",\"logo\":{\"@type\":\"ImageObject\",\"inLanguage\":\"en-GB\",\"@id\":\"https:\\\/\\\/blog.citrus-lime.com\\\/tkt\\\/#\\\/schema\\\/logo\\\/image\\\/\",\"url\":\"https:\\\/\\\/blog.citrus-lime.com\\\/tkt\\\/wp-content\\\/uploads\\\/sites\\\/18\\\/2024\\\/06\\\/logo.png\",\"contentUrl\":\"https:\\\/\\\/blog.citrus-lime.com\\\/tkt\\\/wp-content\\\/uploads\\\/sites\\\/18\\\/2024\\\/06\\\/logo.png\",\"width\":247,\"height\":81,\"caption\":\"Trekitt Blog\"},\"image\":{\"@id\":\"https:\\\/\\\/blog.citrus-lime.com\\\/tkt\\\/#\\\/schema\\\/logo\\\/image\\\/\"}},{\"@type\":\"Person\",\"@id\":\"https:\\\/\\\/blog.citrus-lime.com\\\/tkt\\\/#\\\/schema\\\/person\\\/8a080293f1fc1e5fa3abb9758e67a8f7\",\"name\":\"Lucy Lewis\",\"image\":{\"@type\":\"ImageObject\",\"inLanguage\":\"en-GB\",\"@id\":\"https:\\\/\\\/secure.gravatar.com\\\/avatar\\\/95dc557d1c9665ad8dd6343ca238f3ba0c9e0c80aad04a5045b16721a1797511?s=96&d=mm&r=g\",\"url\":\"https:\\\/\\\/secure.gravatar.com\\\/avatar\\\/95dc557d1c9665ad8dd6343ca238f3ba0c9e0c80aad04a5045b16721a1797511?s=96&d=mm&r=g\",\"contentUrl\":\"https:\\\/\\\/secure.gravatar.com\\\/avatar\\\/95dc557d1c9665ad8dd6343ca238f3ba0c9e0c80aad04a5045b16721a1797511?s=96&d=mm&r=g\",\"caption\":\"Lucy Lewis\"},\"sameAs\":[\"http:\\\/\\\/www.trekitt.co.uk\",\"https:\\\/\\\/www.youtube.com\\\/c\\\/trekitt\"],\"url\":\"https:\\\/\\\/blog.citrus-lime.com\\\/tkt\\\/author\\\/lucylewis\\\/\"}]}<\/script>\n<!-- \/ Yoast SEO plugin. -->","yoast_head_json":{"title":"We Tested Fj\u00e4llr\u00e4ven's new Bikepacking Gear - Trekitt Blog","description":"Lucy and her boyfriend Ralph recently set out on a 101km ride around mid Wales to test out Fj\u00e4llr\u00e4ven's new range of bikepacking gear...","robots":{"index":"index","follow":"follow","max-snippet":"max-snippet:-1","max-image-preview":"max-image-preview:large","max-video-preview":"max-video-preview:-1"},"canonical":"https:\/\/blog.citrus-lime.com\/tkt\/we-tested-fjallravens-new-bikepacking-gear\/","og_locale":"en_GB","og_type":"article","og_title":"We Tested Fj\u00e4llr\u00e4ven's new Bikepacking Gear - Trekitt Blog","og_description":"Lucy and her boyfriend Ralph recently set out on a 101km ride around mid Wales to test out Fj\u00e4llr\u00e4ven's new range of bikepacking gear...","og_url":"https:\/\/blog.citrus-lime.com\/tkt\/we-tested-fjallravens-new-bikepacking-gear\/","og_site_name":"Trekitt Blog","article_published_time":"2023-06-08T09:03:32+00:00","article_modified_time":"2025-07-09T12:33:24+00:00","og_image":[{"width":1920,"height":1080,"url":"https:\/\/blog.citrus-lime.com\/tkt\/wp-content\/uploads\/sites\/18\/2023\/06\/fjallspec.jpg","type":"image\/jpeg"}],"author":"Lucy Lewis","twitter_card":"summary_large_image","twitter_misc":{"Written by":"Lucy Lewis","Estimated reading time":"19 minutes"},"schema":{"@context":"https:\/\/schema.org","@graph":[{"@type":"Article","@id":"https:\/\/blog.citrus-lime.com\/tkt\/we-tested-fjallravens-new-bikepacking-gear\/#article","isPartOf":{"@id":"https:\/\/blog.citrus-lime.com\/tkt\/we-tested-fjallravens-new-bikepacking-gear\/"},"author":{"name":"Lucy Lewis","@id":"https:\/\/blog.citrus-lime.com\/tkt\/#\/schema\/person\/8a080293f1fc1e5fa3abb9758e67a8f7"},"headline":"We Tested Fj\u00e4llr\u00e4ven&#8217;s new Bikepacking Gear","datePublished":"2023-06-08T09:03:32+00:00","dateModified":"2025-07-09T12:33:24+00:00","mainEntityOfPage":{"@id":"https:\/\/blog.citrus-lime.com\/tkt\/we-tested-fjallravens-new-bikepacking-gear\/"},"wordCount":3691,"commentCount":0,"publisher":{"@id":"https:\/\/blog.citrus-lime.com\/tkt\/#organization"},"image":{"@id":"https:\/\/blog.citrus-lime.com\/tkt\/we-tested-fjallravens-new-bikepacking-gear\/#primaryimage"},"thumbnailUrl":"https:\/\/blog.citrus-lime.com\/tkt\/wp-content\/uploads\/sites\/18\/2023\/06\/fjallspec.jpg","articleSection":["Trekitt Adventures"],"inLanguage":"en-GB","potentialAction":[{"@type":"CommentAction","name":"Comment","target":["https:\/\/blog.citrus-lime.com\/tkt\/we-tested-fjallravens-new-bikepacking-gear\/#respond"]}]},{"@type":"WebPage","@id":"https:\/\/blog.citrus-lime.com\/tkt\/we-tested-fjallravens-new-bikepacking-gear\/","url":"https:\/\/blog.citrus-lime.com\/tkt\/we-tested-fjallravens-new-bikepacking-gear\/","name":"We Tested Fj\u00e4llr\u00e4ven's new Bikepacking Gear - Trekitt Blog","isPartOf":{"@id":"https:\/\/blog.citrus-lime.com\/tkt\/#website"},"primaryImageOfPage":{"@id":"https:\/\/blog.citrus-lime.com\/tkt\/we-tested-fjallravens-new-bikepacking-gear\/#primaryimage"},"image":{"@id":"https:\/\/blog.citrus-lime.com\/tkt\/we-tested-fjallravens-new-bikepacking-gear\/#primaryimage"},"thumbnailUrl":"https:\/\/blog.citrus-lime.com\/tkt\/wp-content\/uploads\/sites\/18\/2023\/06\/fjallspec.jpg","datePublished":"2023-06-08T09:03:32+00:00","dateModified":"2025-07-09T12:33:24+00:00","description":"Lucy and her boyfriend Ralph recently set out on a 101km ride around mid Wales to test out Fj\u00e4llr\u00e4ven's new range of bikepacking gear...","breadcrumb":{"@id":"https:\/\/blog.citrus-lime.com\/tkt\/we-tested-fjallravens-new-bikepacking-gear\/#breadcrumb"},"inLanguage":"en-GB","potentialAction":[{"@type":"ReadAction","target":["https:\/\/blog.citrus-lime.com\/tkt\/we-tested-fjallravens-new-bikepacking-gear\/"]}]},{"@type":"ImageObject","inLanguage":"en-GB","@id":"https:\/\/blog.citrus-lime.com\/tkt\/we-tested-fjallravens-new-bikepacking-gear\/#primaryimage","url":"https:\/\/blog.citrus-lime.com\/tkt\/wp-content\/uploads\/sites\/18\/2023\/06\/fjallspec.jpg","contentUrl":"https:\/\/blog.citrus-lime.com\/tkt\/wp-content\/uploads\/sites\/18\/2023\/06\/fjallspec.jpg","width":1920,"height":1080},{"@type":"BreadcrumbList","@id":"https:\/\/blog.citrus-lime.com\/tkt\/we-tested-fjallravens-new-bikepacking-gear\/#breadcrumb","itemListElement":[{"@type":"ListItem","position":1,"name":"Home","item":"https:\/\/blog.citrus-lime.com\/tkt\/"},{"@type":"ListItem","position":2,"name":"We Tested Fj\u00e4llr\u00e4ven&#8217;s new Bikepacking Gear"}]},{"@type":"WebSite","@id":"https:\/\/blog.citrus-lime.com\/tkt\/#website","url":"https:\/\/blog.citrus-lime.com\/tkt\/","name":"Trekitt Blog","description":"Trekitt | UK Outdoor &amp; Mountaineering Clothing and Equipment","publisher":{"@id":"https:\/\/blog.citrus-lime.com\/tkt\/#organization"},"potentialAction":[{"@type":"SearchAction","target":{"@type":"EntryPoint","urlTemplate":"https:\/\/blog.citrus-lime.com\/tkt\/?s={search_term_string}"},"query-input":{"@type":"PropertyValueSpecification","valueRequired":true,"valueName":"search_term_string"}}],"inLanguage":"en-GB"},{"@type":"Organization","@id":"https:\/\/blog.citrus-lime.com\/tkt\/#organization","name":"Trekitt Blog","url":"https:\/\/blog.citrus-lime.com\/tkt\/","logo":{"@type":"ImageObject","inLanguage":"en-GB","@id":"https:\/\/blog.citrus-lime.com\/tkt\/#\/schema\/logo\/image\/","url":"https:\/\/blog.citrus-lime.com\/tkt\/wp-content\/uploads\/sites\/18\/2024\/06\/logo.png","contentUrl":"https:\/\/blog.citrus-lime.com\/tkt\/wp-content\/uploads\/sites\/18\/2024\/06\/logo.png","width":247,"height":81,"caption":"Trekitt Blog"},"image":{"@id":"https:\/\/blog.citrus-lime.com\/tkt\/#\/schema\/logo\/image\/"}},{"@type":"Person","@id":"https:\/\/blog.citrus-lime.com\/tkt\/#\/schema\/person\/8a080293f1fc1e5fa3abb9758e67a8f7","name":"Lucy Lewis","image":{"@type":"ImageObject","inLanguage":"en-GB","@id":"https:\/\/secure.gravatar.com\/avatar\/95dc557d1c9665ad8dd6343ca238f3ba0c9e0c80aad04a5045b16721a1797511?s=96&d=mm&r=g","url":"https:\/\/secure.gravatar.com\/avatar\/95dc557d1c9665ad8dd6343ca238f3ba0c9e0c80aad04a5045b16721a1797511?s=96&d=mm&r=g","contentUrl":"https:\/\/secure.gravatar.com\/avatar\/95dc557d1c9665ad8dd6343ca238f3ba0c9e0c80aad04a5045b16721a1797511?s=96&d=mm&r=g","caption":"Lucy Lewis"},"sameAs":["http:\/\/www.trekitt.co.uk","https:\/\/www.youtube.com\/c\/trekitt"],"url":"https:\/\/blog.citrus-lime.com\/tkt\/author\/lucylewis\/"}]}},"_links":{"self":[{"href":"https:\/\/blog.citrus-lime.com\/tkt\/wp-json\/wp\/v2\/posts\/5819","targetHints":{"allow":["GET"]}}],"collection":[{"href":"https:\/\/blog.citrus-lime.com\/tkt\/wp-json\/wp\/v2\/posts"}],"about":[{"href":"https:\/\/blog.citrus-lime.com\/tkt\/wp-json\/wp\/v2\/types\/post"}],"author":[{"embeddable":true,"href":"https:\/\/blog.citrus-lime.com\/tkt\/wp-json\/wp\/v2\/users\/75"}],"replies":[{"embeddable":true,"href":"https:\/\/blog.citrus-lime.com\/tkt\/wp-json\/wp\/v2\/comments?post=5819"}],"version-history":[{"count":36,"href":"https:\/\/blog.citrus-lime.com\/tkt\/wp-json\/wp\/v2\/posts\/5819\/revisions"}],"predecessor-version":[{"id":18011,"href":"https:\/\/blog.citrus-lime.com\/tkt\/wp-json\/wp\/v2\/posts\/5819\/revisions\/18011"}],"wp:featuredmedia":[{"embeddable":true,"href":"https:\/\/blog.citrus-lime.com\/tkt\/wp-json\/wp\/v2\/media\/5828"}],"wp:attachment":[{"href":"https:\/\/blog.citrus-lime.com\/tkt\/wp-json\/wp\/v2\/media?parent=5819"}],"wp:term":[{"taxonomy":"category","embeddable":true,"href":"https:\/\/blog.citrus-lime.com\/tkt\/wp-json\/wp\/v2\/categories?post=5819"},{"taxonomy":"post_tag","embeddable":true,"href":"https:\/\/blog.citrus-lime.com\/tkt\/wp-json\/wp\/v2\/tags?post=5819"}],"curies":[{"name":"wp","href":"https:\/\/api.w.org\/{rel}","templated":true}]}}